{"id":1092,"date":"2017-01-12T16:54:24","date_gmt":"2017-01-12T15:54:24","guid":{"rendered":"https:\/\/www.museuvestitspaper.cat\/?p=1092"},"modified":"2017-01-12T16:54:52","modified_gmt":"2017-01-12T15:54:52","slug":"vestits-guanyadors-2016","status":"publish","type":"post","link":"https:\/\/www.museuvestitspaper.cat\/es\/vestits-guanyadors-2016\/","title":{"rendered":"Vestidos  ganadores 2016"},"content":{"rendered":"<p>Aqu\u00ed pod\u00e9is encontrar una recopilaci\u00f3n de \u00a0fotograf\u00edas de los vestidos ganadores correspondientes al \u00a0Concurs Nacional de Vestits de Paper 2016 en las diferentes categor\u00edas:<\/p>\n<p><strong>PREMIO AGULLA D&#8217;OR<\/strong><\/p>\n\n        <style type='text\/css'>\n            #gallery-1 {margin: auto;}\n            #gallery-1 a {float: left;width: 33%;}\n            #gallery-1 img {float: left;width:100%;height:auto;}\n        <\/style>\n        \n\t\t<div id='gallery-1' class='gallery galleryid-1092 gallery-columns-3 gallery-size-thumbnail'>\n<a rel=\"itemgalleryid-1-1092\" href=\"https:\/\/www.museuvestitspaper.cat\/wp-content\/uploads\/2017\/01\/DSC_7329-ok1.jpg\" title=\"\"><img src=\"https:\/\/www.museuvestitspaper.cat\/wp-content\/uploads\/2017\/01\/DSC_7329-ok1-150x150.jpg\"\/><\/a>\n<a rel=\"itemgalleryid-1-1092\" href=\"https:\/\/www.museuvestitspaper.cat\/wp-content\/uploads\/2017\/01\/DSC_7332ok.jpg\" title=\"\"><img src=\"https:\/\/www.museuvestitspaper.cat\/wp-content\/uploads\/2017\/01\/DSC_7332ok-150x150.jpg\"\/><\/a><script>$(document).ready(function(){$('a[rel=itemgalleryid-1-1092]').fancybox();});<\/script><\/div><div class=clear><\/div>\n\n<p><strong>PREMIO A LOS MEJORES \u00a0COMPLEMENTOS<\/strong><\/p>\n\n        <style type='text\/css'>\n            #gallery-2 {margin: auto;}\n            #gallery-2 a {float: left;width: 33%;}\n            #gallery-2 img {float: left;width:100%;height:auto;}\n        <\/style>\n        \n\t\t<div id='gallery-2' class='gallery galleryid-1092 gallery-columns-3 gallery-size-thumbnail'>\n<a rel=\"itemgalleryid-2-1092\" href=\"https:\/\/www.museuvestitspaper.cat\/wp-content\/uploads\/2017\/01\/DSC_7316_ok-1.jpg\" title=\"Josefina d&#8217;Origami &#8211; Tresa Codony\"><img src=\"https:\/\/www.museuvestitspaper.cat\/wp-content\/uploads\/2017\/01\/DSC_7316_ok-1-150x150.jpg\"\/><\/a>\n<a rel=\"itemgalleryid-2-1092\" href=\"https:\/\/www.museuvestitspaper.cat\/wp-content\/uploads\/2017\/01\/DSC_7321-ok.jpg\" title=\"Josefina d&#8217;Origami &#8211; Tresa Codony\"><img src=\"https:\/\/www.museuvestitspaper.cat\/wp-content\/uploads\/2017\/01\/DSC_7321-ok-150x150.jpg\"\/><\/a><script>$(document).ready(function(){$('a[rel=itemgalleryid-2-1092]').fancybox();});<\/script><\/div><div class=clear><\/div>\n\n<p>&nbsp;<\/p>\n<p><strong>VESTIDOS DE MODA ACTUAL<\/strong><\/p>\n\n        <style type='text\/css'>\n            #gallery-3 {margin: auto;}\n            #gallery-3 a {float: left;width: 33%;}\n            #gallery-3 img {float: left;width:100%;height:auto;}\n        <\/style>\n        \n\t\t<div id='gallery-3' class='gallery galleryid-1092 gallery-columns-3 gallery-size-thumbnail'>\n<a rel=\"itemgalleryid-3-1092\" href=\"https:\/\/www.museuvestitspaper.cat\/wp-content\/uploads\/2017\/01\/DSC_7180-ok.jpg\" title=\"1er premi Moda Actual &#8211; Josefina Xufr\u00e9\"><img src=\"https:\/\/www.museuvestitspaper.cat\/wp-content\/uploads\/2017\/01\/DSC_7180-ok-150x150.jpg\"\/><\/a>\n<a rel=\"itemgalleryid-3-1092\" href=\"https:\/\/www.museuvestitspaper.cat\/wp-content\/uploads\/2017\/01\/DSC_7184ok.jpg\" title=\"1er premi Moda Actual &#8211; Josefina Xufr\u00e9\"><img src=\"https:\/\/www.museuvestitspaper.cat\/wp-content\/uploads\/2017\/01\/DSC_7184ok-150x150.jpg\"\/><\/a>\n<a rel=\"itemgalleryid-3-1092\" href=\"https:\/\/www.museuvestitspaper.cat\/wp-content\/uploads\/2017\/01\/DSC_7186-ok.jpg\" title=\"1er premi Moda Actual &#8211; Josefina Xufr\u00e9\"><img src=\"https:\/\/www.museuvestitspaper.cat\/wp-content\/uploads\/2017\/01\/DSC_7186-ok-150x150.jpg\"\/><\/a>\n<a rel=\"itemgalleryid-3-1092\" href=\"https:\/\/www.museuvestitspaper.cat\/wp-content\/uploads\/2017\/01\/Candida-Pelegr\u00ed-ok.jpg\" title=\"2on premi Moda Actual &#8211; Candida Pelegr\u00edn\"><img src=\"https:\/\/www.museuvestitspaper.cat\/wp-content\/uploads\/2017\/01\/Candida-Pelegr\u00ed-ok-150x150.jpg\"\/><\/a>\n<a rel=\"itemgalleryid-3-1092\" href=\"https:\/\/www.museuvestitspaper.cat\/wp-content\/uploads\/2017\/01\/DSC_7141-ok.jpg\" title=\"2on premi Moda Actual &#8211; Candida Pelegr\u00edn\"><img src=\"https:\/\/www.museuvestitspaper.cat\/wp-content\/uploads\/2017\/01\/DSC_7141-ok-150x150.jpg\"\/><\/a>\n<a rel=\"itemgalleryid-3-1092\" href=\"https:\/\/www.museuvestitspaper.cat\/wp-content\/uploads\/2017\/01\/DSC_7144-ok.jpg\" title=\"2on premi Moda Actual &#8211; Candida Pelegr\u00edn\"><img src=\"https:\/\/www.museuvestitspaper.cat\/wp-content\/uploads\/2017\/01\/DSC_7144-ok-150x150.jpg\"\/><\/a>\n<a rel=\"itemgalleryid-3-1092\" href=\"https:\/\/www.museuvestitspaper.cat\/wp-content\/uploads\/2017\/01\/Anna-Bonals-ok3.jpg\" title=\"3er premi Moda Actual &#8211; Anna Bonals\"><img src=\"https:\/\/www.museuvestitspaper.cat\/wp-content\/uploads\/2017\/01\/Anna-Bonals-ok3-150x150.jpg\"\/><\/a>\n<a rel=\"itemgalleryid-3-1092\" href=\"https:\/\/www.museuvestitspaper.cat\/wp-content\/uploads\/2017\/01\/Anna-BOnals-ok.jpg\" title=\"3er premi Moda Actual &#8211; Anna Bonals\"><img src=\"https:\/\/www.museuvestitspaper.cat\/wp-content\/uploads\/2017\/01\/Anna-BOnals-ok-150x150.jpg\"\/><\/a><script>$(document).ready(function(){$('a[rel=itemgalleryid-3-1092]').fancybox();});<\/script><\/div><div class=clear><\/div>\n\n<p>&nbsp;<\/p>\n<p><strong>VESTIDOS DE FANTASIA<\/strong><\/p>\n\n        <style type='text\/css'>\n            #gallery-4 {margin: auto;}\n            #gallery-4 a {float: left;width: 33%;}\n            #gallery-4 img {float: left;width:100%;height:auto;}\n        <\/style>\n        \n\t\t<div id='gallery-4' class='gallery galleryid-1092 gallery-columns-3 gallery-size-thumbnail'>\n<a rel=\"itemgalleryid-4-1092\" href=\"https:\/\/www.museuvestitspaper.cat\/wp-content\/uploads\/2017\/01\/DSC_7289OK.jpg\" title=\"1er premi Fantasia &#8211; Associaci\u00f3 Cultural Dones d&#8217;Almenar\"><img src=\"https:\/\/www.museuvestitspaper.cat\/wp-content\/uploads\/2017\/01\/DSC_7289OK-150x150.jpg\"\/><\/a>\n<a rel=\"itemgalleryid-4-1092\" href=\"https:\/\/www.museuvestitspaper.cat\/wp-content\/uploads\/2017\/01\/DSC_7288OK.jpg\" title=\"1er premi Fantasia &#8211; Associaci\u00f3 Cultural Dones d&#8217;Almenar\"><img src=\"https:\/\/www.museuvestitspaper.cat\/wp-content\/uploads\/2017\/01\/DSC_7288OK-150x150.jpg\"\/><\/a>\n<a rel=\"itemgalleryid-4-1092\" href=\"https:\/\/www.museuvestitspaper.cat\/wp-content\/uploads\/2017\/01\/DSC_7283OK.jpg\" title=\"1er premi Fantasia &#8211; Associaci\u00f3 Cultural Dones d&#8217;Almenar\"><img src=\"https:\/\/www.museuvestitspaper.cat\/wp-content\/uploads\/2017\/01\/DSC_7283OK-150x150.jpg\"\/><\/a>\n<a rel=\"itemgalleryid-4-1092\" href=\"https:\/\/www.museuvestitspaper.cat\/wp-content\/uploads\/2017\/01\/DSC_7280OK-1.jpg\" title=\"\"><img src=\"https:\/\/www.museuvestitspaper.cat\/wp-content\/uploads\/2017\/01\/DSC_7280OK-1-150x150.jpg\"\/><\/a>\n<a rel=\"itemgalleryid-4-1092\" href=\"https:\/\/www.museuvestitspaper.cat\/wp-content\/uploads\/2017\/01\/DSC_7273OK-1.jpg\" title=\"\"><img src=\"https:\/\/www.museuvestitspaper.cat\/wp-content\/uploads\/2017\/01\/DSC_7273OK-1-150x150.jpg\"\/><\/a>\n<a rel=\"itemgalleryid-4-1092\" href=\"https:\/\/www.museuvestitspaper.cat\/wp-content\/uploads\/2017\/01\/DSC_7273OK.jpg\" title=\"2on premi Fantasia &#8211; Natalia Ermakova\"><img src=\"https:\/\/www.museuvestitspaper.cat\/wp-content\/uploads\/2017\/01\/DSC_7273OK-150x150.jpg\"\/><\/a>\n<a rel=\"itemgalleryid-4-1092\" href=\"https:\/\/www.museuvestitspaper.cat\/wp-content\/uploads\/2017\/01\/DSC_7266OK.jpg\" title=\"2on premi Fantasia &#8211; Natalia Ermakova\"><img src=\"https:\/\/www.museuvestitspaper.cat\/wp-content\/uploads\/2017\/01\/DSC_7266OK-150x150.jpg\"\/><\/a>\n<a rel=\"itemgalleryid-4-1092\" href=\"https:\/\/www.museuvestitspaper.cat\/wp-content\/uploads\/2017\/01\/DSC_7210OK.jpg\" title=\"3er premi Fantasia &#8211; M\u00aa Carme Begines\"><img src=\"https:\/\/www.museuvestitspaper.cat\/wp-content\/uploads\/2017\/01\/DSC_7210OK-150x150.jpg\"\/><\/a>\n<a rel=\"itemgalleryid-4-1092\" href=\"https:\/\/www.museuvestitspaper.cat\/wp-content\/uploads\/2017\/01\/DSC_7207OK.jpg\" title=\"3er premi Fantasia &#8211; M\u00aa Carme Begines\"><img src=\"https:\/\/www.museuvestitspaper.cat\/wp-content\/uploads\/2017\/01\/DSC_7207OK-150x150.jpg\"\/><\/a><script>$(document).ready(function(){$('a[rel=itemgalleryid-4-1092]').fancybox();});<\/script><\/div><div class=clear><\/div>\n\n<p>&nbsp;<\/p>\n<p><strong>VESTIDOS DE \u00c9POCA<\/strong><\/p>\n\n        <style type='text\/css'>\n            #gallery-5 {margin: auto;}\n            #gallery-5 a {float: left;width: 33%;}\n            #gallery-5 img {float: left;width:100%;height:auto;}\n        <\/style>\n        \n\t\t<div id='gallery-5' class='gallery galleryid-1092 gallery-columns-3 gallery-size-thumbnail'>\n<a rel=\"itemgalleryid-5-1092\" href=\"https:\/\/www.museuvestitspaper.cat\/wp-content\/uploads\/2017\/01\/DSC_7367ok.jpg\" title=\"1er premi \u00c8poca- Natalia Ermakova\"><img src=\"https:\/\/www.museuvestitspaper.cat\/wp-content\/uploads\/2017\/01\/DSC_7367ok-150x150.jpg\"\/><\/a>\n<a rel=\"itemgalleryid-5-1092\" href=\"https:\/\/www.museuvestitspaper.cat\/wp-content\/uploads\/2017\/01\/DSC_7370-ok-2.jpg\" title=\"1er premi \u00c8poca-Natalia Ermakova\"><img src=\"https:\/\/www.museuvestitspaper.cat\/wp-content\/uploads\/2017\/01\/DSC_7370-ok-2-150x150.jpg\"\/><\/a>\n<a rel=\"itemgalleryid-5-1092\" href=\"https:\/\/www.museuvestitspaper.cat\/wp-content\/uploads\/2017\/01\/DSC_7352-ok.jpg\" title=\"2on premi \u00c8poca -M\u00aa \u00c0ngels Serrasolsas\"><img src=\"https:\/\/www.museuvestitspaper.cat\/wp-content\/uploads\/2017\/01\/DSC_7352-ok-150x150.jpg\"\/><\/a>\n<a rel=\"itemgalleryid-5-1092\" href=\"https:\/\/www.museuvestitspaper.cat\/wp-content\/uploads\/2017\/01\/DSC_7355-ok.jpg\" title=\"2on premi \u00c8poca &#8211; M\u00aa \u00c0ngels Serrasolsas\"><img src=\"https:\/\/www.museuvestitspaper.cat\/wp-content\/uploads\/2017\/01\/DSC_7355-ok-150x150.jpg\"\/><\/a>\n<a rel=\"itemgalleryid-5-1092\" href=\"https:\/\/www.museuvestitspaper.cat\/wp-content\/uploads\/2017\/01\/DSC_7347-ok.jpg\" title=\"3er premi \u00c8poca &#8211; Pepita Mas, Adelina Pujol i Paquita Casta\u00f1\u00e9\"><img src=\"https:\/\/www.museuvestitspaper.cat\/wp-content\/uploads\/2017\/01\/DSC_7347-ok-150x150.jpg\"\/><\/a>\n<a rel=\"itemgalleryid-5-1092\" href=\"https:\/\/www.museuvestitspaper.cat\/wp-content\/uploads\/2017\/01\/DSC_7350-ok.jpg\" title=\"3er premi \u00c8poca &#8211; Pepita Mas, Adelina Pujol i Paquita Casta\u00f1\u00e9\"><img src=\"https:\/\/www.museuvestitspaper.cat\/wp-content\/uploads\/2017\/01\/DSC_7350-ok-150x150.jpg\"\/><\/a><script>$(document).ready(function(){$('a[rel=itemgalleryid-5-1092]').fancybox();});<\/script><\/div><div class=clear><\/div>\n\n","protected":false},"excerpt":{"rendered":"<p>Aqu\u00ed pod\u00e9is encontrar una recopilaci\u00f3n de \u00a0fotograf\u00edas de los vestidos ganadores correspondientes al \u00a0Concurs Nacional de Vestits de Paper 2016 en las diferentes categor\u00edas: PREMIO AGULLA D&#8217;OR PREMIO A LOS MEJORES \u00a0COMPLEMENTOS &nbsp; VESTIDOS DE MODA ACTUAL &nbsp; VESTIDOS DE FANTASIA &nbsp; VESTIDOS DE \u00c9POCA<\/p>\n","protected":false},"author":3,"featured_media":0,"comment_status":"closed","ping_status":"closed","sticky":false,"template":"","format":"standard","meta":[],"categories":[1],"tags":[],"_links":{"self":[{"href":"https:\/\/www.museuvestitspaper.cat\/es\/wp-json\/wp\/v2\/posts\/1092"}],"collection":[{"href":"https:\/\/www.museuvestitspaper.cat\/es\/wp-json\/wp\/v2\/posts"}],"about":[{"href":"https:\/\/www.museuvestitspaper.cat\/es\/wp-json\/wp\/v2\/types\/post"}],"author":[{"embeddable":true,"href":"https:\/\/www.museuvestitspaper.cat\/es\/wp-json\/wp\/v2\/users\/3"}],"replies":[{"embeddable":true,"href":"https:\/\/www.museuvestitspaper.cat\/es\/wp-json\/wp\/v2\/comments?post=1092"}],"version-history":[{"count":7,"href":"https:\/\/www.museuvestitspaper.cat\/es\/wp-json\/wp\/v2\/posts\/1092\/revisions"}],"predecessor-version":[{"id":1127,"href":"https:\/\/www.museuvestitspaper.cat\/es\/wp-json\/wp\/v2\/posts\/1092\/revisions\/1127"}],"wp:attachment":[{"href":"https:\/\/www.museuvestitspaper.cat\/es\/wp-json\/wp\/v2\/media?parent=1092"}],"wp:term":[{"taxonomy":"category","embeddable":true,"href":"https:\/\/www.museuvestitspaper.cat\/es\/wp-json\/wp\/v2\/categories?post=1092"},{"taxonomy":"post_tag","embeddable":true,"href":"https:\/\/www.museuvestitspaper.cat\/es\/wp-json\/wp\/v2\/tags?post=1092"}],"curies":[{"name":"wp","href":"https:\/\/api.w.org\/{rel}","templated":true}]}}