{"id":1205,"date":"2017-06-01T10:08:32","date_gmt":"2017-06-01T09:08:32","guid":{"rendered":"https:\/\/www.museuvestitspaper.cat\/?p=1205"},"modified":"2017-06-14T14:56:22","modified_gmt":"2017-06-14T13:56:22","slug":"noche-de-los-museos","status":"publish","type":"post","link":"https:\/\/www.museuvestitspaper.cat\/es\/noche-de-los-museos\/","title":{"rendered":"Noche de los museos"},"content":{"rendered":"<p>Dentro del marco de la Fiesta Mayor de Mollerussa, el s\u00e1bado 20 de mayo, se celebr\u00f3 la Noche de los museos. Las instalaciones muse\u00edsticas de la capital abrieron sus puertas gratuitamente al p\u00fablico que correspondi\u00f3 con una afluencia de m\u00e1s 200 personas.<\/p>\n<p>Tambi\u00e9n se pudo disfrutar de la presentaci\u00f3n de la obra homenaje a Crist\u00f3bal Balenciaga de Elio Berhanyer, editada \u00a0y cedida al Museo de Vestidos de Papel por Francisco Jos\u00e9 Pav\u00f3n Chisbert, editor y director, de la revista Pasarela de Asfalto.<\/p>\n<p><a href=\"https:\/\/www.museuvestitspaper.cat\/wp-content\/uploads\/2017\/06\/18673271_1310234645698834_4466994036698607254_o.jpg\"><img loading=\"lazy\" class=\"alignright size-thumbnail wp-image-1202\" src=\"https:\/\/www.museuvestitspaper.cat\/wp-content\/uploads\/2017\/06\/18673271_1310234645698834_4466994036698607254_o-150x150.jpg\" alt=\"\" width=\"150\" height=\"150\" \/><\/a> <a href=\"https:\/\/www.museuvestitspaper.cat\/wp-content\/uploads\/2017\/06\/18671384_1310235435698755_4388108678605376735_o.jpg\"><img loading=\"lazy\" class=\"alignright size-thumbnail wp-image-1201\" src=\"https:\/\/www.museuvestitspaper.cat\/wp-content\/uploads\/2017\/06\/18671384_1310235435698755_4388108678605376735_o-150x150.jpg\" alt=\"\" width=\"150\" height=\"150\" \/><\/a> <a href=\"https:\/\/www.museuvestitspaper.cat\/wp-content\/uploads\/2017\/06\/18623557_1310232805699018_6479172768985961127_o.jpg\"><img loading=\"lazy\" class=\"alignright size-thumbnail wp-image-1200\" src=\"https:\/\/www.museuvestitspaper.cat\/wp-content\/uploads\/2017\/06\/18623557_1310232805699018_6479172768985961127_o-150x150.jpg\" alt=\"\" width=\"150\" height=\"150\" \/><\/a> <a href=\"https:\/\/www.museuvestitspaper.cat\/wp-content\/uploads\/2017\/06\/18623198_1310232802365685_2811884509188679510_o.jpg\"><img loading=\"lazy\" class=\"alignright size-thumbnail wp-image-1199\" src=\"https:\/\/www.museuvestitspaper.cat\/wp-content\/uploads\/2017\/06\/18623198_1310232802365685_2811884509188679510_o-150x150.jpg\" alt=\"\" width=\"150\" height=\"150\" \/><\/a> <a href=\"https:\/\/www.museuvestitspaper.cat\/wp-content\/uploads\/2017\/06\/18620728_1310234639032168_4501079587755020049_o.jpg\"><img loading=\"lazy\" class=\"alignright size-thumbnail wp-image-1198\" src=\"https:\/\/www.museuvestitspaper.cat\/wp-content\/uploads\/2017\/06\/18620728_1310234639032168_4501079587755020049_o-150x150.jpg\" alt=\"\" width=\"150\" height=\"150\" \/><\/a> <a href=\"https:\/\/www.museuvestitspaper.cat\/wp-content\/uploads\/2017\/06\/18589010_1310235555698743_7866981189793502707_o.jpg\"><img loading=\"lazy\" class=\"alignright size-thumbnail wp-image-1197\" src=\"https:\/\/www.museuvestitspaper.cat\/wp-content\/uploads\/2017\/06\/18589010_1310235555698743_7866981189793502707_o-150x150.jpg\" alt=\"\" width=\"150\" height=\"150\" \/><\/a> <a href=\"https:\/\/www.museuvestitspaper.cat\/wp-content\/uploads\/2017\/06\/18559033_1310234635698835_9054501039077506576_o.jpg\"><img loading=\"lazy\" class=\"alignright size-thumbnail wp-image-1196\" src=\"https:\/\/www.museuvestitspaper.cat\/wp-content\/uploads\/2017\/06\/18559033_1310234635698835_9054501039077506576_o-150x150.jpg\" alt=\"\" width=\"150\" height=\"150\" \/><\/a> <a href=\"https:\/\/www.museuvestitspaper.cat\/wp-content\/uploads\/2017\/06\/18558893_1310235552365410_4633952882683862126_o.jpg\"><img loading=\"lazy\" class=\"alignright size-thumbnail wp-image-1195\" src=\"https:\/\/www.museuvestitspaper.cat\/wp-content\/uploads\/2017\/06\/18558893_1310235552365410_4633952882683862126_o-150x150.jpg\" alt=\"\" width=\"150\" height=\"150\" \/><\/a> <a href=\"https:\/\/www.museuvestitspaper.cat\/wp-content\/uploads\/2017\/06\/18558893_1310235439032088_6755893339736226392_o.jpg\"><img loading=\"lazy\" class=\"alignright size-thumbnail wp-image-1194\" src=\"https:\/\/www.museuvestitspaper.cat\/wp-content\/uploads\/2017\/06\/18558893_1310235439032088_6755893339736226392_o-150x150.jpg\" alt=\"\" width=\"150\" height=\"150\" \/><\/a> <a href=\"https:\/\/www.museuvestitspaper.cat\/wp-content\/uploads\/2017\/06\/18558767_1310232799032352_5206744335770362451_o.jpg\"><img loading=\"lazy\" class=\"alignright size-thumbnail wp-image-1193\" src=\"https:\/\/www.museuvestitspaper.cat\/wp-content\/uploads\/2017\/06\/18558767_1310232799032352_5206744335770362451_o-150x150.jpg\" alt=\"\" width=\"150\" height=\"150\" \/><\/a> <a href=\"https:\/\/www.museuvestitspaper.cat\/wp-content\/uploads\/2017\/06\/18558583_1310233535698945_530237531495238367_o.jpg\"><img loading=\"lazy\" class=\"alignright size-thumbnail wp-image-1192\" src=\"https:\/\/www.museuvestitspaper.cat\/wp-content\/uploads\/2017\/06\/18558583_1310233535698945_530237531495238367_o-150x150.jpg\" alt=\"\" width=\"150\" height=\"150\" \/><\/a><\/p>\n","protected":false},"excerpt":{"rendered":"<p>Dentro del marco de la Fiesta Mayor de Mollerussa, el s\u00e1bado 20 de mayo, se celebr\u00f3 la Noche de los museos. Las instalaciones muse\u00edsticas de la capital abrieron sus puertas gratuitamente al p\u00fablico que correspondi\u00f3 con una afluencia de m\u00e1s 200 personas. Tambi\u00e9n se pudo disfrutar de la presentaci\u00f3n de la obra homenaje a Crist\u00f3bal [&hellip;]<\/p>\n","protected":false},"author":3,"featured_media":0,"comment_status":"closed","ping_status":"closed","sticky":false,"template":"","format":"standard","meta":[],"categories":[1],"tags":[],"_links":{"self":[{"href":"https:\/\/www.museuvestitspaper.cat\/es\/wp-json\/wp\/v2\/posts\/1205"}],"collection":[{"href":"https:\/\/www.museuvestitspaper.cat\/es\/wp-json\/wp\/v2\/posts"}],"about":[{"href":"https:\/\/www.museuvestitspaper.cat\/es\/wp-json\/wp\/v2\/types\/post"}],"author":[{"embeddable":true,"href":"https:\/\/www.museuvestitspaper.cat\/es\/wp-json\/wp\/v2\/users\/3"}],"replies":[{"embeddable":true,"href":"https:\/\/www.museuvestitspaper.cat\/es\/wp-json\/wp\/v2\/comments?post=1205"}],"version-history":[{"count":3,"href":"https:\/\/www.museuvestitspaper.cat\/es\/wp-json\/wp\/v2\/posts\/1205\/revisions"}],"predecessor-version":[{"id":1214,"href":"https:\/\/www.museuvestitspaper.cat\/es\/wp-json\/wp\/v2\/posts\/1205\/revisions\/1214"}],"wp:attachment":[{"href":"https:\/\/www.museuvestitspaper.cat\/es\/wp-json\/wp\/v2\/media?parent=1205"}],"wp:term":[{"taxonomy":"category","embeddable":true,"href":"https:\/\/www.museuvestitspaper.cat\/es\/wp-json\/wp\/v2\/categories?post=1205"},{"taxonomy":"post_tag","embeddable":true,"href":"https:\/\/www.museuvestitspaper.cat\/es\/wp-json\/wp\/v2\/tags?post=1205"}],"curies":[{"name":"wp","href":"https:\/\/api.w.org\/{rel}","templated":true}]}}