{"id":1337,"date":"2017-11-19T10:03:37","date_gmt":"2017-11-19T09:03:37","guid":{"rendered":"https:\/\/www.museuvestitspaper.cat\/?p=1337"},"modified":"2017-11-19T10:03:37","modified_gmt":"2017-11-19T09:03:37","slug":"replica-en-papel-del-boceto-del-disenador-elio-berhanyer","status":"publish","type":"post","link":"https:\/\/www.museuvestitspaper.cat\/es\/replica-en-papel-del-boceto-del-disenador-elio-berhanyer\/","title":{"rendered":"R\u00e9plica en papel del boceto del dise\u00f1ador Elio Berhanyer"},"content":{"rendered":"<p>Des del Museo de Vestidos de Papel se esta trabajando en la r\u00e9plica en papel del boceto del dise\u00f1ador internacional Elio Berhanyerm, numerada y firmada por el autor, que se regal\u00f3 para que formara parte del inventario de obras de arte del consistorio por el director-editor de la revista Pasarela de Asfalto, Francisco Jos\u00e9 Pav\u00f3n, en la edici\u00f3n pasada del concurso en la que form\u00f3 parte del jurado.<\/p>\n<p><a href=\"https:\/\/www.museuvestitspaper.cat\/wp-content\/uploads\/2017\/11\/23592235_1468397963215834_3801788518806378833_o.jpg\"><img loading=\"lazy\" class=\"alignleft size-thumbnail wp-image-1335\" src=\"https:\/\/www.museuvestitspaper.cat\/wp-content\/uploads\/2017\/11\/23592235_1468397963215834_3801788518806378833_o-150x150.jpg\" alt=\"\" width=\"150\" height=\"150\" \/><\/a> <a href=\"https:\/\/www.museuvestitspaper.cat\/wp-content\/uploads\/2017\/11\/23550235_1468397953215835_3937585449102121686_o.jpg\"><img loading=\"lazy\" class=\"alignleft size-thumbnail wp-image-1334\" src=\"https:\/\/www.museuvestitspaper.cat\/wp-content\/uploads\/2017\/11\/23550235_1468397953215835_3937585449102121686_o-150x150.jpg\" alt=\"\" width=\"150\" height=\"150\" \/><\/a> <a href=\"https:\/\/www.museuvestitspaper.cat\/wp-content\/uploads\/2017\/11\/23549936_1468397966549167_5366414029794038839_o.jpg\"><img loading=\"lazy\" class=\"alignleft size-thumbnail wp-image-1333\" src=\"https:\/\/www.museuvestitspaper.cat\/wp-content\/uploads\/2017\/11\/23549936_1468397966549167_5366414029794038839_o-150x150.jpg\" alt=\"\" width=\"150\" height=\"150\" \/><\/a> <a href=\"https:\/\/www.museuvestitspaper.cat\/wp-content\/uploads\/2017\/11\/23511387_1468398163215814_7933580979655538514_o.jpg\"><img loading=\"lazy\" class=\"alignleft size-thumbnail wp-image-1332\" src=\"https:\/\/www.museuvestitspaper.cat\/wp-content\/uploads\/2017\/11\/23511387_1468398163215814_7933580979655538514_o-150x150.jpg\" alt=\"\" width=\"150\" height=\"150\" \/><\/a><\/p>\n","protected":false},"excerpt":{"rendered":"<p>Des del Museo de Vestidos de Papel se esta trabajando en la r\u00e9plica en papel del boceto del dise\u00f1ador internacional Elio Berhanyerm, numerada y firmada por el autor, que se regal\u00f3 para que formara parte del inventario de obras de arte del consistorio por el director-editor de la revista Pasarela de Asfalto, Francisco Jos\u00e9 Pav\u00f3n, [&hellip;]<\/p>\n","protected":false},"author":3,"featured_media":0,"comment_status":"closed","ping_status":"closed","sticky":false,"template":"","format":"standard","meta":[],"categories":[1],"tags":[],"_links":{"self":[{"href":"https:\/\/www.museuvestitspaper.cat\/es\/wp-json\/wp\/v2\/posts\/1337"}],"collection":[{"href":"https:\/\/www.museuvestitspaper.cat\/es\/wp-json\/wp\/v2\/posts"}],"about":[{"href":"https:\/\/www.museuvestitspaper.cat\/es\/wp-json\/wp\/v2\/types\/post"}],"author":[{"embeddable":true,"href":"https:\/\/www.museuvestitspaper.cat\/es\/wp-json\/wp\/v2\/users\/3"}],"replies":[{"embeddable":true,"href":"https:\/\/www.museuvestitspaper.cat\/es\/wp-json\/wp\/v2\/comments?post=1337"}],"version-history":[{"count":1,"href":"https:\/\/www.museuvestitspaper.cat\/es\/wp-json\/wp\/v2\/posts\/1337\/revisions"}],"predecessor-version":[{"id":1338,"href":"https:\/\/www.museuvestitspaper.cat\/es\/wp-json\/wp\/v2\/posts\/1337\/revisions\/1338"}],"wp:attachment":[{"href":"https:\/\/www.museuvestitspaper.cat\/es\/wp-json\/wp\/v2\/media?parent=1337"}],"wp:term":[{"taxonomy":"category","embeddable":true,"href":"https:\/\/www.museuvestitspaper.cat\/es\/wp-json\/wp\/v2\/categories?post=1337"},{"taxonomy":"post_tag","embeddable":true,"href":"https:\/\/www.museuvestitspaper.cat\/es\/wp-json\/wp\/v2\/tags?post=1337"}],"curies":[{"name":"wp","href":"https:\/\/api.w.org\/{rel}","templated":true}]}}